{"id":1093,"date":"2022-12-05T12:48:21","date_gmt":"2022-12-05T09:48:21","guid":{"rendered":"https:\/\/www.dolunaycocukklinigi.com\/was-ist-eine-fontanelle-wann-schliesst-sich-die-fontanelle\/"},"modified":"2022-12-05T12:48:21","modified_gmt":"2022-12-05T09:48:21","slug":"was-ist-eine-fontanelle-wann-schliesst-sich-die-fontanelle","status":"publish","type":"post","link":"https:\/\/www.dolunaycocukklinigi.com\/de\/was-ist-eine-fontanelle-wann-schliesst-sich-die-fontanelle\/","title":{"rendered":"Was ist eine Fontanelle? Wann schlie\u00dft sich die Fontanelle?"},"content":{"rendered":"<div class=\"txt txt--md mt-30\">\n<p><em>Neue Eltern machen sich vielleicht Sorgen, dass das K\u00e4mmen der Haare ihres Babys, das Baden oder sogar das Streicheln des Kopfes die Fontanelle besch\u00e4digen k\u00f6nnte. Entgegen der landl\u00e4ufigen Meinung ist dieses Gewebe, das nicht besonders weich und empfindlich ist, jedoch \u00e4u\u00dferst widerstandsf\u00e4hig und wirkt wie ein Schutzschild gegen Kopfverletzungen bei S\u00e4uglingen. Was ist also eine Fontanelle? Wann wird sie geschlossen? Was sind ihre Funktionen? Kuriosit\u00e4ten finden Sie in unserem Artikel.<\/em><\/p>\n<h2 id=\"title-id-1\">Was ist eine Fontanelle?<\/h2>\n<p>Der Sch\u00e4del, der aus mehreren Knochen besteht, sch\u00fctzt die Hirnhaut und das Hirngewebe. W\u00e4hrend der Schwangerschaft gibt es Verbindungsenden zwischen den Sch\u00e4delknochen und eine rautenf\u00f6rmige \u00d6ffnung, die Fontanelle. Dieser Teil wird im Volksmund auch als &#8222;weiche Stelle&#8220; bezeichnet. Dieser Bereich zwischen den Gelenken der Sch\u00e4delknochen, der aus Bindegewebe besteht, wird Fontanelle genannt. Die Fontanellen, von denen es bis zum Ende der Schwangerschaft 6 St\u00fcck gibt, schlie\u00dfen sich vor der Geburt im Durchschnitt zu 5 St\u00fcck.<\/p>\n<h2 id=\"title-id-2\">Was ist die Funktion der Fontanelle?<\/h2>\n<p>Da das Gehirn in den ersten 2 Jahren sehr schnell w\u00e4chst, m\u00fcssen sich die Sch\u00e4delknochen an das Wachstum anpassen k\u00f6nnen. Da die Sch\u00e4delknochen nicht flexibel sind, kann die Fontanelle nur Druck- und Volumen\u00e4nderungen im Kopf ausgleichen. Bei Neugeborenen ist der Sch\u00e4del noch nicht vollst\u00e4ndig entwickelt und hat noch nicht seine endg\u00fcltige Form angenommen. Dadurch k\u00f6nnen sich die Knochen w\u00e4hrend der Wehen \u00fcberlappen, so dass sich der Sch\u00e4del biegen und in den Geburtskanal eintreten kann. Die Fontanelle erleichtert also die Geburt.<\/p>\n<h2 id=\"title-id-3\">Schadet das Ber\u00fchren der Fontanelle dem Gehirn des Babys?<\/h2>\n<p>Solange die Fontanelle nicht sehr hart getroffen wird, entsteht dem Baby kein Schaden. Im Gegensatz zu falschen Vorstellungen ist die Fontanelle kein sehr empfindlicher und ungesch\u00fctzter Bereich. Daher sind einfache T\u00e4tigkeiten wie Haare k\u00e4mmen, den Wirt reinigen, waschen und ber\u00fchren nicht betroffen.<\/p>\n<h2 id=\"title-id-4\">Wie pr\u00fcft man die Fontanelle?<\/h2>\n<p>Da das Knochengewebe hart ist, kann die Fontanelle ertastet werden, wenn der Kopf des Babys mit leichtem Druck von der Stirn nach hinten gestrichen wird.<\/p>\n<h2 id=\"title-id-5\">Welche Ver\u00e4nderungen der Fontanelle sind normal?<\/h2>\n<ul>\n<li>Es ist normal, dass die Fontanelle beim Weinen und Atmen anschwillt.<\/li>\n<li>Manchmal kommt es zu einer pulsierenden Bewegung in der Fontanelle. Das ist normal, weil sich die Fontanelle mit dem Herzschlag des Babys bewegt.<\/li>\n<li>Beim Husten, Weinen und Erbrechen des Babys ist eine leichte Schwellung der Fontanelle zu erkennen.<\/li>\n<\/ul>\n<h2 id=\"title-id-6\">Welche Bedingungen signalisieren die Gefahr einer Fontanelle?<\/h2>\n<p>In F\u00e4llen wie Durchfall und Erbrechen, die zu Fl\u00fcssigkeitsverlusten im K\u00f6rper f\u00fchren, kann die Fontanelle zusammenfallen. Dies deutet darauf hin, dass der Fl\u00fcssigkeitsverlust ernst ist. Schwellungen der Fontanelle k\u00f6nnen bei Meningitis, intrakraniellen Massen und Erkrankungen, die zu einer Zunahme des Liquors f\u00fchren, auftreten. Dar\u00fcber hinaus sieht ein Kind mit geschwollener Fontanelle aufgrund dieser Probleme ungesund aus und hat andere Symptome. Bei gesunden Kindern ist dies jedoch unwahrscheinlich, so dass es keinen Grund zur Sorge gibt.<\/p>\n<h2 id=\"title-id-7\">Wie lange ist die Fontanelle geschlossen?<\/h2>\n<p>Die vordere Fontanelle ist normalerweise 12-18. wird in einem Monat geschlossen. Diese Frist kann jedoch auch bis zum 24. Monat verl\u00e4ngert werden. Bei einigen S\u00e4uglingen kann auch eine \u00d6ffnung in der hinteren Fontanelle vorhanden sein. Diese \u00d6ffnung muss sp\u00e4testens in 3 Monaten abgeschlossen sein.<\/p>\n<h2 id=\"title-id-8\">Vorzeitiger Verschluss der Fontanelle<\/h2>\n<p>Wenn die Fontanelle am Kopf des Babys beim Ber\u00fchren nicht zu sp\u00fcren ist, bedeutet dies nicht immer, dass sie geschlossen ist. Schlie\u00dft sich die Fontanelle vorzeitig, w\u00e4chst der Kopf normalerweise durch die Enden zwischen den Kahnbeinen weiter. In solchen F\u00e4llen sollte der Kopfumfang des Babys einmal im Monat gemessen werden. Deshalb sollte die Fontanelle bei den monatlichen Kontrolluntersuchungen immer vom Arzt untersucht werden. Ein vorzeitiger Verschluss der Fontanelle kann aber auch auf gesundheitliche Probleme hinweisen. Dies kann zu einem vorzeitigen Verschluss der Knochenzwischenr\u00e4ume im Kopf und der Fontanelle f\u00fchren;<\/p>\n<ul>\n<li>Sie kann auch durch eine Krankheit entstehen, die das Wachstum und die Entwicklung des Gehirns verhindert (Kraniosynostose), oder in Kombination mit bestimmten genetischen Krankheiten.<\/li>\n<li>Dadurch kann Druck im Sch\u00e4del des Babys entstehen. Besteht der Verdacht auf eine solche Erkrankung, kann eine Untersuchung durch einen Neurochirurgen erforderlich sein.<\/li>\n<\/ul>\n<h2 id=\"title-id-9\">Warum schlie\u00dft die Fontanelle sp\u00e4t? In welchen F\u00e4llen ist die Fontanelle gr\u00f6\u00dfer als normal?<\/h2>\n<ul>\n<li>Unterern\u00e4hrung<\/li>\n<li>Vitamin-D-Mangel<\/li>\n<li>Hypothyreose<\/li>\n<li>Entwicklungsst\u00f6rung des Skeletts<\/li>\n<li>Hydrocephalus (Erkrankungen, die den intrakraniellen Druck erh\u00f6hen und eine Vergr\u00f6\u00dferung des Sch\u00e4dels verursachen)<\/li>\n<li>Subdurales H\u00e4matom<\/li>\n<li>Osteogenesis imperfecta<\/li>\n<\/ul>\n<h2 id=\"title-id-10\">Auf welche Krankheiten wird die Fontanelle untersucht?<\/h2>\n<p>Das Baby muss sich in einer ruhigen und sitzenden Position befinden, um bei einer Routineuntersuchung auf Fontanellen untersucht zu werden. Bei dieser Untersuchung werden die folgenden Anzeichen als normal angesehen, wenn keine zus\u00e4tzlichen Symptome auftreten und der Allgemeinzustand und das Wohlbefinden des Babys gut sind. Wenn jedoch Symptome wie Kollaps und Schwellung der Fontanelle beobachtet werden, sollte sie auf die entsprechende Krankheit untersucht werden.<\/p>\n<p><strong>Kollabierte Fontanelle <\/strong>Bei bestimmten Fl\u00fcssigkeitsverlusten im K\u00f6rper kann die Fontanelle kollabieren. Die Art und Weise des Kollapses gibt Aufschluss \u00fcber den Schweregrad des Fl\u00fcssigkeitsverlustes. In solchen F\u00e4llen ist es wichtig, dem Baby dringend die notwendige Menge an Fl\u00fcssigkeit zu geben.<\/p>\n<p><strong>Schwellung der Fontanelle:<\/strong> Eine Schwellung der Fontanelle kann bei Tumorbildungen, Meningitis und Hydrozephalus auftreten.<\/p>\n<p><strong>Die Fontanelle steht st\u00e4rker als gew\u00f6hnlich hervor:<\/strong> Dieser Zustand, der auf einen erh\u00f6hten Hirndruck hinweist, muss von einem Arzt kontrolliert werden. Wenn das Baby andere Befunde aufweist, die mit der Krankheit in Zusammenhang stehen, kann ein fr\u00fchzeitiges Eingreifen erforderlich sein.<\/p>\n<h2 id=\"title-id-11\">Ist die Verabreichung von Vitamin D an S\u00e4uglinge zum Verschluss der Fontanelle sinnvoll?<\/h2>\n<p>Es wird empfohlen, dass alle S\u00e4uglinge von Geburt an t\u00e4glich 400-600 Einheiten Vitamin D erhalten sollten, da die Muttermilch nicht ausreicht. Dieses Vitamin sch\u00fctzt S\u00e4uglinge vor Rachitis und f\u00f6rdert die Knochenentwicklung, die an der Bildung der Fontanelle beteiligt ist. Dadurch wird verhindert, dass sich die Fontanelle zu sp\u00e4t schlie\u00dft. Auch wenn sich die Fontanelle fr\u00fch schlie\u00dft, sollte Vitamin D weiter verabreicht werden, um eine gesunde Knochenentwicklung zu gew\u00e4hrleisten.<\/p>\n<\/div>\n","protected":false},"excerpt":{"rendered":"<p>Neue Eltern machen sich vielleicht Sorgen, dass das K\u00e4mmen der Haare ihres Babys, das Baden oder sogar das Streicheln des Kopfes die Fontanelle besch\u00e4digen k\u00f6nnte. Entgegen der landl\u00e4ufigen Meinung ist dieses Gewebe, das nicht besonders weich und empfindlich ist, jedoch \u00e4u\u00dferst widerstandsf\u00e4hig und wirkt wie ein Schutzschild gegen Kopfverletzungen bei S\u00e4uglingen. Was ist also eine [&hellip;]<\/p>\n","protected":false},"author":1,"featured_media":908,"comment_status":"open","ping_status":"open","sticky":false,"template":"","format":"standard","meta":{"footnotes":""},"categories":[25],"tags":[],"class_list":["post-1093","post","type-post","status-publish","format-standard","has-post-thumbnail","hentry","category-kindergesundheit-und-krankheiten"],"_links":{"self":[{"href":"https:\/\/www.dolunaycocukklinigi.com\/de\/wp-json\/wp\/v2\/posts\/1093","targetHints":{"allow":["GET"]}}],"collection":[{"href":"https:\/\/www.dolunaycocukklinigi.com\/de\/wp-json\/wp\/v2\/posts"}],"about":[{"href":"https:\/\/www.dolunaycocukklinigi.com\/de\/wp-json\/wp\/v2\/types\/post"}],"author":[{"embeddable":true,"href":"https:\/\/www.dolunaycocukklinigi.com\/de\/wp-json\/wp\/v2\/users\/1"}],"replies":[{"embeddable":true,"href":"https:\/\/www.dolunaycocukklinigi.com\/de\/wp-json\/wp\/v2\/comments?post=1093"}],"version-history":[{"count":0,"href":"https:\/\/www.dolunaycocukklinigi.com\/de\/wp-json\/wp\/v2\/posts\/1093\/revisions"}],"wp:featuredmedia":[{"embeddable":true,"href":"https:\/\/www.dolunaycocukklinigi.com\/de\/wp-json\/wp\/v2\/media\/908"}],"wp:attachment":[{"href":"https:\/\/www.dolunaycocukklinigi.com\/de\/wp-json\/wp\/v2\/media?parent=1093"}],"wp:term":[{"taxonomy":"category","embeddable":true,"href":"https:\/\/www.dolunaycocukklinigi.com\/de\/wp-json\/wp\/v2\/categories?post=1093"},{"taxonomy":"post_tag","embeddable":true,"href":"https:\/\/www.dolunaycocukklinigi.com\/de\/wp-json\/wp\/v2\/tags?post=1093"}],"curies":[{"name":"wp","href":"https:\/\/api.w.org\/{rel}","templated":true}]}}